{"id":3637,"date":"2025-09-05T16:24:12","date_gmt":"2025-09-05T14:24:12","guid":{"rendered":"https:\/\/lycee-simonedebeauvoir.com\/?p=3637"},"modified":"2025-09-05T16:31:12","modified_gmt":"2025-09-05T14:31:12","slug":"pre-rentree-2025-2026","status":"publish","type":"post","link":"https:\/\/lycee-simonedebeauvoir.com\/?p=3637","title":{"rendered":"PRE RENTREE 2025\/2026"},"content":{"rendered":"\n<p>Les enseignants ont effectu\u00e9 leur pr\u00e9-rentr\u00e9e le 1er septembre 2025 et se pr\u00e9parent activement \u00e0 accueillir les \u00e9l\u00e8ves \u00e0 partir du 7 septembre.<\/p>\n\n\n\n<p>Nous souhaitons \u00e0 chacun une excellente reprise et une ann\u00e9e scolaire riche en r\u00e9ussites&#8230;<\/p>\n\n\n\n<figure class=\"wp-block-video\"><video height=\"480\" style=\"aspect-ratio: 848 \/ 480;\" width=\"848\" controls src=\"https:\/\/niscl.s3.eu-central-1.amazonaws.com\/Lycee\/Media\/2025\/09\/05161511\/WhatsApp-Video-2025-09-05-at-07.04.47_fec01e74.mp4\"><\/video><\/figure>\n\n\n\n\n\n<p><\/p>\n\n\n\n<figure class=\"wp-block-video\"><video height=\"480\" style=\"aspect-ratio: 848 \/ 480;\" width=\"848\" controls src=\"https:\/\/niscl.s3.eu-central-1.amazonaws.com\/Lycee\/Media\/2025\/09\/05163004\/WhatsApp-Video-2025-09-05-at-07.04.44_1a9de659.mp4\"><\/video><\/figure>\n","protected":false},"excerpt":{"rendered":"<p>Les enseignants ont effectu\u00e9 leur pr\u00e9-rentr\u00e9e le 1er septembre 2025 et se pr\u00e9parent activement \u00e0 accueillir les \u00e9l\u00e8ves \u00e0 partir du 7 septembre. Nous souhaitons \u00e0 chacun une excellente reprise et une ann\u00e9e scolaire riche en r\u00e9ussites&#8230;<\/p>\n","protected":false},"author":2,"featured_media":3639,"comment_status":"closed","ping_status":"closed","sticky":true,"template":"","format":"standard","meta":{"footnotes":""},"categories":[1],"tags":[],"class_list":["post-3637","post","type-post","status-publish","format-standard","has-post-thumbnail","hentry","category-uncategorized"],"_links":{"self":[{"href":"https:\/\/lycee-simonedebeauvoir.com\/index.php?rest_route=\/wp\/v2\/posts\/3637","targetHints":{"allow":["GET"]}}],"collection":[{"href":"https:\/\/lycee-simonedebeauvoir.com\/index.php?rest_route=\/wp\/v2\/posts"}],"about":[{"href":"https:\/\/lycee-simonedebeauvoir.com\/index.php?rest_route=\/wp\/v2\/types\/post"}],"author":[{"embeddable":true,"href":"https:\/\/lycee-simonedebeauvoir.com\/index.php?rest_route=\/wp\/v2\/users\/2"}],"replies":[{"embeddable":true,"href":"https:\/\/lycee-simonedebeauvoir.com\/index.php?rest_route=%2Fwp%2Fv2%2Fcomments&post=3637"}],"version-history":[{"count":2,"href":"https:\/\/lycee-simonedebeauvoir.com\/index.php?rest_route=\/wp\/v2\/posts\/3637\/revisions"}],"predecessor-version":[{"id":3643,"href":"https:\/\/lycee-simonedebeauvoir.com\/index.php?rest_route=\/wp\/v2\/posts\/3637\/revisions\/3643"}],"wp:featuredmedia":[{"embeddable":true,"href":"https:\/\/lycee-simonedebeauvoir.com\/index.php?rest_route=\/wp\/v2\/media\/3639"}],"wp:attachment":[{"href":"https:\/\/lycee-simonedebeauvoir.com\/index.php?rest_route=%2Fwp%2Fv2%2Fmedia&parent=3637"}],"wp:term":[{"taxonomy":"category","embeddable":true,"href":"https:\/\/lycee-simonedebeauvoir.com\/index.php?rest_route=%2Fwp%2Fv2%2Fcategories&post=3637"},{"taxonomy":"post_tag","embeddable":true,"href":"https:\/\/lycee-simonedebeauvoir.com\/index.php?rest_route=%2Fwp%2Fv2%2Ftags&post=3637"}],"curies":[{"name":"wp","href":"https:\/\/api.w.org\/{rel}","templated":true}]}}